{"id":1049,"date":"2020-11-22T17:54:56","date_gmt":"2020-11-22T17:54:56","guid":{"rendered":"https:\/\/www.sonorensemble.fi\/?p=1049"},"modified":"2025-06-02T16:22:51","modified_gmt":"2025-06-02T16:22:51","slug":"joulukonsertti-striimataan-ilman-yleisoa","status":"publish","type":"post","link":"https:\/\/www.sonorensemble.fi\/index.php\/2020\/11\/22\/joulukonsertti-striimataan-ilman-yleisoa\/","title":{"rendered":"Joulukonsertti 2020 striimataan ilman yleis\u00f6\u00e4"},"content":{"rendered":"\n<p>Koronapandemiasta johtuen t\u00e4m\u00e4n vuoden joulukonsertti striimataan Paavalinkirkosta ilman yleis\u00f6\u00e4. Striimilinkki ja k\u00e4siohjelma 15 euroa, tallennetta on mahdollista katsella seitsem\u00e4n p\u00e4iv\u00e4n ajan!<\/p>\n\n\n\n<p>Tilaa konserttipakettisi kuorolaisilta, osoitteesta <a href=\"mailto:sonorensemble@gmail.com\" target=\"_blank\" rel=\"noreferrer noopener\">sonorensemble@gmail.com<\/a> tai t\u00e4st\u00e4 linkist\u00e4 <a rel=\"noreferrer noopener\" href=\"https:\/\/forms.gle\/C5eBj6s9A4TNvM2x7?fbclid=IwAR3DKQlWduPvvJY26Sp1omEiqe0uv4fldCUAhEy1zCduUWtX-tNwn-zxTQo\" target=\"_blank\">https:\/\/forms.gle\/C5eBj6s9A4TNvM2x7<\/a><\/p>\n\n\n\n<figure class=\"wp-block-image size-large\"><img fetchpriority=\"high\" decoding=\"async\" width=\"1024\" height=\"527\" src=\"https:\/\/www.sonorensemble.fi\/wp-content\/uploads\/2020\/11\/se_seimella_teaser_09122020-1024x527.jpg\" alt=\"\" class=\"wp-image-1052\" srcset=\"https:\/\/www.sonorensemble.fi\/wp-content\/uploads\/2020\/11\/se_seimella_teaser_09122020-1024x527.jpg 1024w, https:\/\/www.sonorensemble.fi\/wp-content\/uploads\/2020\/11\/se_seimella_teaser_09122020-300x154.jpg 300w, https:\/\/www.sonorensemble.fi\/wp-content\/uploads\/2020\/11\/se_seimella_teaser_09122020-768x395.jpg 768w, https:\/\/www.sonorensemble.fi\/wp-content\/uploads\/2020\/11\/se_seimella_teaser_09122020-1536x791.jpg 1536w, https:\/\/www.sonorensemble.fi\/wp-content\/uploads\/2020\/11\/se_seimella_teaser_09122020-2048x1055.jpg 2048w\" sizes=\"(max-width: 1024px) 100vw, 1024px\" \/><\/figure>\n","protected":false},"excerpt":{"rendered":"<p>Koronapandemiasta johtuen t\u00e4m\u00e4n vuoden joulukonsertti striimataan Paavalinkirkosta ilman yleis\u00f6\u00e4. Striimilinkki ja k\u00e4siohjelma 15 euroa, tallennetta on mahdollista katsella seitsem\u00e4n p\u00e4iv\u00e4n ajan! Tilaa konserttipakettisi kuorolaisilta, osoitteesta sonorensemble@gmail.com tai t\u00e4st\u00e4 linkist\u00e4 https:\/\/forms.gle\/C5eBj6s9A4TNvM2x7<\/p>\n","protected":false},"author":1,"featured_media":0,"comment_status":"closed","ping_status":"open","sticky":false,"template":"","format":"standard","meta":{"neve_meta_sidebar":"","neve_meta_container":"","neve_meta_enable_content_width":"","neve_meta_content_width":0,"neve_meta_title_alignment":"","neve_meta_author_avatar":"","neve_post_elements_order":"","neve_meta_disable_header":"","neve_meta_disable_footer":"","neve_meta_disable_title":"","footnotes":""},"categories":[1],"tags":[],"class_list":["post-1049","post","type-post","status-publish","format-standard","hentry","category-uncategorized"],"_links":{"self":[{"href":"https:\/\/www.sonorensemble.fi\/index.php\/wp-json\/wp\/v2\/posts\/1049","targetHints":{"allow":["GET"]}}],"collection":[{"href":"https:\/\/www.sonorensemble.fi\/index.php\/wp-json\/wp\/v2\/posts"}],"about":[{"href":"https:\/\/www.sonorensemble.fi\/index.php\/wp-json\/wp\/v2\/types\/post"}],"author":[{"embeddable":true,"href":"https:\/\/www.sonorensemble.fi\/index.php\/wp-json\/wp\/v2\/users\/1"}],"replies":[{"embeddable":true,"href":"https:\/\/www.sonorensemble.fi\/index.php\/wp-json\/wp\/v2\/comments?post=1049"}],"version-history":[{"count":7,"href":"https:\/\/www.sonorensemble.fi\/index.php\/wp-json\/wp\/v2\/posts\/1049\/revisions"}],"predecessor-version":[{"id":1074,"href":"https:\/\/www.sonorensemble.fi\/index.php\/wp-json\/wp\/v2\/posts\/1049\/revisions\/1074"}],"wp:attachment":[{"href":"https:\/\/www.sonorensemble.fi\/index.php\/wp-json\/wp\/v2\/media?parent=1049"}],"wp:term":[{"taxonomy":"category","embeddable":true,"href":"https:\/\/www.sonorensemble.fi\/index.php\/wp-json\/wp\/v2\/categories?post=1049"},{"taxonomy":"post_tag","embeddable":true,"href":"https:\/\/www.sonorensemble.fi\/index.php\/wp-json\/wp\/v2\/tags?post=1049"}],"curies":[{"name":"wp","href":"https:\/\/api.w.org\/{rel}","templated":true}]}}