{"id":1625,"date":"2021-02-05T16:45:32","date_gmt":"2021-02-05T16:45:32","guid":{"rendered":"https:\/\/www.sonorensemble.fi\/?p=1625"},"modified":"2025-06-02T16:22:51","modified_gmt":"2025-06-02T16:22:51","slug":"elementor-1625","status":"publish","type":"post","link":"https:\/\/www.sonorensemble.fi\/index.php\/2021\/02\/05\/elementor-1625\/","title":{"rendered":"Hanna Remeksen v\u00e4it\u00f6stilaisuus 20.2.2021 klo 12"},"content":{"rendered":"\t\t<div data-elementor-type=\"wp-post\" data-elementor-id=\"1625\" class=\"elementor elementor-1625\" data-elementor-post-type=\"post\">\n\t\t\t\t\t\t<section class=\"elementor-section elementor-top-section elementor-element elementor-element-0e479a3 elementor-section-boxed elementor-section-height-default elementor-section-height-default\" data-id=\"0e479a3\" data-element_type=\"section\" data-e-type=\"section\">\n\t\t\t\t\t\t<div class=\"elementor-container elementor-column-gap-default\">\n\t\t\t\t\t<div class=\"elementor-column elementor-col-100 elementor-top-column elementor-element elementor-element-c3dba8e\" data-id=\"c3dba8e\" data-element_type=\"column\" data-e-type=\"column\">\n\t\t\t<div class=\"elementor-widget-wrap elementor-element-populated\">\n\t\t\t\t\t\t<div class=\"elementor-element elementor-element-12b3bca elementor-widget elementor-widget-image\" data-id=\"12b3bca\" data-element_type=\"widget\" data-e-type=\"widget\" data-widget_type=\"image.default\">\n\t\t\t\t<div class=\"elementor-widget-container\">\n\t\t\t\t\t\t\t\t\t\t\t\t\t\t\t<img fetchpriority=\"high\" decoding=\"async\" width=\"907\" height=\"445\" src=\"https:\/\/www.sonorensemble.fi\/wp-content\/uploads\/2021\/02\/uniarts.png\" class=\"attachment-large size-large wp-image-1631\" alt=\"\" srcset=\"https:\/\/www.sonorensemble.fi\/wp-content\/uploads\/2021\/02\/uniarts.png 907w, https:\/\/www.sonorensemble.fi\/wp-content\/uploads\/2021\/02\/uniarts-300x147.png 300w, https:\/\/www.sonorensemble.fi\/wp-content\/uploads\/2021\/02\/uniarts-768x377.png 768w\" sizes=\"(max-width: 907px) 100vw, 907px\" \/>\t\t\t\t\t\t\t\t\t\t\t\t\t\t\t<\/div>\n\t\t\t\t<\/div>\n\t\t\t\t\t<\/div>\n\t\t<\/div>\n\t\t\t\t\t<\/div>\n\t\t<\/section>\n\t\t\t\t<section class=\"elementor-section elementor-top-section elementor-element elementor-element-c4aaab6 elementor-section-boxed elementor-section-height-default elementor-section-height-default\" data-id=\"c4aaab6\" data-element_type=\"section\" data-e-type=\"section\">\n\t\t\t\t\t\t<div class=\"elementor-container elementor-column-gap-default\">\n\t\t\t\t\t<div class=\"elementor-column elementor-col-100 elementor-top-column elementor-element elementor-element-daa3082\" data-id=\"daa3082\" data-element_type=\"column\" data-e-type=\"column\">\n\t\t\t<div class=\"elementor-widget-wrap elementor-element-populated\">\n\t\t\t\t\t\t<div class=\"elementor-element elementor-element-70fe848 elementor-widget elementor-widget-text-editor\" data-id=\"70fe848\" data-element_type=\"widget\" data-e-type=\"widget\" data-widget_type=\"text-editor.default\">\n\t\t\t\t<div class=\"elementor-widget-container\">\n\t\t\t\t\t\t\t\t\t<div dir=\"auto\"><span class=\"d2edcug0 hpfvmrgz qv66sw1b c1et5uql rrkovp55 a8c37x1j keod5gw0 nxhoafnm aigsh9s9 d3f4x2em fe6kdd0r mau55g9w c8b282yb iv3no6db jq4qci2q a3bd9o3v knj5qynh oo9gr5id hzawbc8m\" dir=\"auto\"><strong>Kuoronjohtajamme MuM Hanna Remeksen tohtorintutkinnon tarkastustilaisuus<\/strong> (Sibelius-Akatemia, Taideyliopisto) pidet\u00e4\u00e4n 20.2.2021 klo 12. <\/span><span class=\"d2edcug0 hpfvmrgz qv66sw1b c1et5uql rrkovp55 a8c37x1j keod5gw0 nxhoafnm aigsh9s9 d3f4x2em fe6kdd0r mau55g9w c8b282yb iv3no6db jq4qci2q a3bd9o3v knj5qynh oo9gr5id\" dir=\"auto\">Taiteellisen kokonaisuuden <\/span><\/div><div dir=\"auto\"><span class=\"d2edcug0 hpfvmrgz qv66sw1b c1et5uql rrkovp55 a8c37x1j keod5gw0 nxhoafnm aigsh9s9 d3f4x2em fe6kdd0r mau55g9w c8b282yb iv3no6db jq4qci2q a3bd9o3v knj5qynh oo9gr5id\" dir=\"auto\"><em>\u201dS\u00e4velet tekev\u00e4t tekstin el\u00e4v\u00e4ksi\u201d: Paaston ja p\u00e4\u00e4si\u00e4isajan liturginen kuoromusiikki sanoman kannattelijana<\/em><\/span><span class=\"d2edcug0 hpfvmrgz qv66sw1b c1et5uql rrkovp55 a8c37x1j keod5gw0 nxhoafnm aigsh9s9 d3f4x2em fe6kdd0r mau55g9w c8b282yb iv3no6db jq4qci2q a3bd9o3v knj5qynh oo9gr5id hzawbc8m\" dir=\"auto\"> musiikkiosuus on koostettu pandemiatilanteen vuoksi osat\u00f6iden nauhoituksista. <br \/><\/span><\/div><div dir=\"auto\">Tutkielman aihe on <em>Kuoron teht\u00e4v\u00e4t p\u00e4iv\u00e4jumalanpalveluksessa ja messussa vuosien 1968 ja 2000 kirkkok\u00e4sikirjojen ja niiden tausta-aineistojen valossa<\/em>.<\/div><div dir=\"auto\">\u00a0<\/div><div dir=\"auto\"><span class=\"d2edcug0 hpfvmrgz qv66sw1b c1et5uql rrkovp55 a8c37x1j keod5gw0 nxhoafnm aigsh9s9 d3f4x2em fe6kdd0r mau55g9w c8b282yb iv3no6db jq4qci2q a3bd9o3v knj5qynh oo9gr5id hzawbc8m\" dir=\"auto\">Linkki FB-tapahtumaan: <a class=\"oajrlxb2 g5ia77u1 qu0x051f esr5mh6w e9989ue4 r7d6kgcz rq0escxv nhd2j8a9 nc684nl6 p7hjln8o kvgmc6g5 cxmmr5t8 oygrvhab hcukyx3x jb3vyjys rz4wbd8a qt6c0cv9 a8nywdso i1ao9s8h esuyzwwr f1sip0of lzcic4wl py34i1dx gpro0wi8\" tabindex=\"0\" role=\"link\" href=\"https:\/\/fb.me\/e\/3zcmqDUyI\" target=\"_blank\" rel=\"nofollow noopener\">https:\/\/fb.me\/e\/3zcmqDUyI<\/a><\/span><\/div><div dir=\"auto\">Linkki Taideyliopiston verkkotapahtumaan: <a href=\"https:\/\/www.uniarts.fi\/tapahtumat\/verkkotapahtuma-hanna-remeksen-tohtorintutkinnon-tarkastustilaisuus\/?fbclid=IwAR1iCmxxxwQLQnyEfSmNCSR6mCU3QTGAWpPj8Dw9vGAo7D1HV2jial5bbWQ\">https:\/\/www.uniarts.fi\/tapahtumat\/verkkotapahtuma-hanna-remeksen-tohtorintutkinnon-tarkastustilaisuus\/?fbclid=IwAR1iCmxxxwQLQnyEfSmNCSR6mCU3QTGAWpPj8Dw9vGAo7D1HV2jial5bbWQ<\/a><\/div>\t\t\t\t\t\t\t\t<\/div>\n\t\t\t\t<\/div>\n\t\t\t\t\t<\/div>\n\t\t<\/div>\n\t\t\t\t\t<\/div>\n\t\t<\/section>\n\t\t\t\t<\/div>\n\t\t","protected":false},"excerpt":{"rendered":"<p>Kuoronjohtajamme MuM Hanna Remeksen tohtorintutkinnon tarkastustilaisuus (Sibelius-Akatemia, Taideyliopisto) pidet\u00e4\u00e4n 20.2.2021 klo 12. Taiteellisen kokonaisuuden \u201dS\u00e4velet tekev\u00e4t tekstin el\u00e4v\u00e4ksi\u201d: Paaston ja p\u00e4\u00e4si\u00e4isajan liturginen kuoromusiikki sanoman kannattelijana musiikkiosuus on koostettu pandemiatilanteen vuoksi osat\u00f6iden nauhoituksista. Tutkielman aihe on Kuoron teht\u00e4v\u00e4t p\u00e4iv\u00e4jumalanpalveluksessa ja messussa vuosien 1968 ja 2000 kirkkok\u00e4sikirjojen ja niiden tausta-aineistojen valossa.\u00a0Linkki FB-tapahtumaan: https:\/\/fb.me\/e\/3zcmqDUyILinkki Taideyliopiston verkkotapahtumaan: https:\/\/www.uniarts.fi\/tapahtumat\/verkkotapahtuma-hanna-remeksen-tohtorintutkinnon-tarkastustilaisuus\/?fbclid=IwAR1iCmxxxwQLQnyEfSmNCSR6mCU3QTGAWpPj8Dw9vGAo7D1HV2jial5bbWQ<\/p>\n","protected":false},"author":1,"featured_media":0,"comment_status":"closed","ping_status":"open","sticky":false,"template":"","format":"standard","meta":{"neve_meta_sidebar":"","neve_meta_container":"","neve_meta_enable_content_width":"","neve_meta_content_width":0,"neve_meta_title_alignment":"","neve_meta_author_avatar":"","neve_post_elements_order":"","neve_meta_disable_header":"","neve_meta_disable_footer":"","neve_meta_disable_title":"","footnotes":""},"categories":[1],"tags":[],"class_list":["post-1625","post","type-post","status-publish","format-standard","hentry","category-uncategorized"],"_links":{"self":[{"href":"https:\/\/www.sonorensemble.fi\/index.php\/wp-json\/wp\/v2\/posts\/1625","targetHints":{"allow":["GET"]}}],"collection":[{"href":"https:\/\/www.sonorensemble.fi\/index.php\/wp-json\/wp\/v2\/posts"}],"about":[{"href":"https:\/\/www.sonorensemble.fi\/index.php\/wp-json\/wp\/v2\/types\/post"}],"author":[{"embeddable":true,"href":"https:\/\/www.sonorensemble.fi\/index.php\/wp-json\/wp\/v2\/users\/1"}],"replies":[{"embeddable":true,"href":"https:\/\/www.sonorensemble.fi\/index.php\/wp-json\/wp\/v2\/comments?post=1625"}],"version-history":[{"count":33,"href":"https:\/\/www.sonorensemble.fi\/index.php\/wp-json\/wp\/v2\/posts\/1625\/revisions"}],"predecessor-version":[{"id":3185,"href":"https:\/\/www.sonorensemble.fi\/index.php\/wp-json\/wp\/v2\/posts\/1625\/revisions\/3185"}],"wp:attachment":[{"href":"https:\/\/www.sonorensemble.fi\/index.php\/wp-json\/wp\/v2\/media?parent=1625"}],"wp:term":[{"taxonomy":"category","embeddable":true,"href":"https:\/\/www.sonorensemble.fi\/index.php\/wp-json\/wp\/v2\/categories?post=1625"},{"taxonomy":"post_tag","embeddable":true,"href":"https:\/\/www.sonorensemble.fi\/index.php\/wp-json\/wp\/v2\/tags?post=1625"}],"curies":[{"name":"wp","href":"https:\/\/api.w.org\/{rel}","templated":true}]}}