{"id":4106,"date":"2022-11-16T07:41:31","date_gmt":"2022-11-16T07:41:31","guid":{"rendered":"https:\/\/www.sonorensemble.fi\/?p=4106"},"modified":"2025-06-02T16:22:50","modified_gmt":"2025-06-02T16:22:50","slug":"elementor-4106","status":"publish","type":"post","link":"https:\/\/www.sonorensemble.fi\/index.php\/2022\/11\/16\/elementor-4106\/","title":{"rendered":"Kuoron 20-vuotisjuhlakonsertti Ritarihuoneella"},"content":{"rendered":"\t\t<div data-elementor-type=\"wp-post\" data-elementor-id=\"4106\" class=\"elementor elementor-4106\" data-elementor-post-type=\"post\">\n\t\t\t\t\t\t<section class=\"elementor-section elementor-top-section elementor-element elementor-element-d4234d8 elementor-section-boxed elementor-section-height-default elementor-section-height-default\" data-id=\"d4234d8\" data-element_type=\"section\" data-e-type=\"section\">\n\t\t\t\t\t\t<div class=\"elementor-container elementor-column-gap-default\">\n\t\t\t\t\t<div class=\"elementor-column elementor-col-100 elementor-top-column elementor-element elementor-element-1740182\" data-id=\"1740182\" data-element_type=\"column\" data-e-type=\"column\">\n\t\t\t<div class=\"elementor-widget-wrap elementor-element-populated\">\n\t\t\t\t\t\t<div class=\"elementor-element elementor-element-657a9bb elementor-widget elementor-widget-text-editor\" data-id=\"657a9bb\" data-element_type=\"widget\" data-e-type=\"widget\" data-widget_type=\"text-editor.default\">\n\t\t\t\t<div class=\"elementor-widget-container\">\n\t\t\t\t\t\t\t\t\t<p>Kamarikuoro SonorEnsemblen 20-vuotisjuhlakonsertti &#8221;<a href=\"https:\/\/kuoromusiikinkausikonsertit.fi\/konsertti\/elamaa-runon-savelissa\">El\u00e4m\u00e4\u00e4 runon s\u00e4veliss\u00e4<\/a>&#8221; j\u00e4rjestettiin 3.11.2022 Ritarihuoneella osana Kuoromusiikin kausikonserttien sarjaa. Lue <span class=\"d2edcug0 hpfvmrgz qv66sw1b c1et5uql lr9zc1uh a8c37x1j fe6kdd0r mau55g9w c8b282yb keod5gw0 nxhoafnm aigsh9s9 d3f4x2em iv3no6db jq4qci2q a3bd9o3v b1v8xokw oo9gr5id\" dir=\"auto\"><span class=\"d2edcug0 hpfvmrgz qv66sw1b c1et5uql lr9zc1uh jq4qci2q a3bd9o3v b1v8xokw oo9gr5id\">Tove Djupsj\u00f6backan konserttiarvostelu <a href=\"https:\/\/kuoromusiikinkausikonsertit.fi\/blogi\/sonorensemble-kamarimusisoivaa-ja-kunnollista\" target=\"_blank\" rel=\"noopener\">\u201cSonorEnsemble: Kamarimusisoivaa ja kunnollista\u201d<\/a>! Konsertin <a href=\"https:\/\/youtu.be\/ibpTZ5B1yRQ\" target=\"_blank\" rel=\"noopener\">tallenne<\/a> on katsottavissa kuukauden ajan.<\/span><\/span><\/p><p><a href=\"https:\/\/kuoromusiikinkausikonsertit.fi\/\" target=\"_blank\" rel=\"noopener\">Kuoromusiikin kausikonsertit<\/a> tarjoilevat k\u00e4rkikuorojen esitt\u00e4m\u00e4n\u00e4 kuorokulttuuriamme uudella tavalla. Syyskuun 2022 alusta alkaen Helsingin keskeiset konserttipaikat t\u00e4yttyv\u00e4t monipuolisesta ja laadukkaasta kuoromusiikista joka torstai. Ensimm\u00e4isen syyskauden ohjelmiston muodostavat <a href=\"https:\/\/kuoromusiikinkausikonsertit.fi\/\">14 monipuolista kuorokonserttia<\/a> ja <a href=\"https:\/\/kuoromusiikinkausikonsertit.fi\/liput\">kausilippuja<\/a> voi ostaa <a href=\"https:\/\/www.lippu.fi\/artist\/kuoromusiikin-kausikonsertit\/\">Lippu.fi:ss\u00e4<\/a>. Lis\u00e4tietoja Kausikonserttikuorot ry:n <a href=\"https:\/\/www.sonorensemble.fi\/index.php\/2022\/04\/12\/kuoromusiikin-kausikonserttien-ensimmainen-kausiesittelee-paakaupunkiseudun-tunnettujen-kuorojenmonipuolisia-ohjelmistoja\/\">tiedotteesta<\/a>.<\/p>\t\t\t\t\t\t\t\t<\/div>\n\t\t\t\t<\/div>\n\t\t\t\t\t<\/div>\n\t\t<\/div>\n\t\t\t\t\t<\/div>\n\t\t<\/section>\n\t\t\t\t<section class=\"elementor-section elementor-top-section elementor-element elementor-element-a743f90 elementor-section-boxed elementor-section-height-default elementor-section-height-default\" data-id=\"a743f90\" data-element_type=\"section\" data-e-type=\"section\">\n\t\t\t\t\t\t<div class=\"elementor-container elementor-column-gap-default\">\n\t\t\t\t\t<div class=\"elementor-column elementor-col-100 elementor-top-column elementor-element elementor-element-0eb366f\" data-id=\"0eb366f\" data-element_type=\"column\" data-e-type=\"column\">\n\t\t\t<div class=\"elementor-widget-wrap elementor-element-populated\">\n\t\t\t\t\t\t<div class=\"elementor-element elementor-element-77cd156 elementor-widget elementor-widget-image\" data-id=\"77cd156\" data-element_type=\"widget\" data-e-type=\"widget\" data-widget_type=\"image.default\">\n\t\t\t\t<div class=\"elementor-widget-container\">\n\t\t\t\t\t\t\t\t\t\t\t\t\t\t\t<img fetchpriority=\"high\" decoding=\"async\" width=\"734\" height=\"315\" src=\"https:\/\/www.sonorensemble.fi\/wp-content\/uploads\/2022\/04\/Kausikonserttikuorot-e1679851297456.jpg\" class=\"attachment-large size-large wp-image-3107\" alt=\"\" srcset=\"https:\/\/www.sonorensemble.fi\/wp-content\/uploads\/2022\/04\/Kausikonserttikuorot-e1679851297456.jpg 734w, https:\/\/www.sonorensemble.fi\/wp-content\/uploads\/2022\/04\/Kausikonserttikuorot-e1679851297456-300x129.jpg 300w\" sizes=\"(max-width: 734px) 100vw, 734px\" \/>\t\t\t\t\t\t\t\t\t\t\t\t\t\t\t<\/div>\n\t\t\t\t<\/div>\n\t\t\t\t\t<\/div>\n\t\t<\/div>\n\t\t\t\t\t<\/div>\n\t\t<\/section>\n\t\t\t\t<\/div>\n\t\t","protected":false},"excerpt":{"rendered":"<p>Kamarikuoro SonorEnsemblen 20-vuotisjuhlakonsertti &#8221;El\u00e4m\u00e4\u00e4 runon s\u00e4veliss\u00e4&#8221; j\u00e4rjestettiin 3.11.2022 Ritarihuoneella osana Kuoromusiikin kausikonserttien sarjaa. Lue Tove Djupsj\u00f6backan konserttiarvostelu \u201cSonorEnsemble: Kamarimusisoivaa ja kunnollista\u201d! Konsertin tallenne on katsottavissa kuukauden ajan. Kuoromusiikin kausikonsertit tarjoilevat k\u00e4rkikuorojen esitt\u00e4m\u00e4n\u00e4 kuorokulttuuriamme uudella tavalla. Syyskuun 2022 alusta alkaen Helsingin keskeiset konserttipaikat t\u00e4yttyv\u00e4t monipuolisesta ja laadukkaasta kuoromusiikista joka torstai. Ensimm\u00e4isen syyskauden ohjelmiston muodostavat 14 monipuolista&hellip;&nbsp;<a href=\"https:\/\/www.sonorensemble.fi\/index.php\/2022\/11\/16\/elementor-4106\/\" rel=\"bookmark\">Lue lis\u00e4\u00e4 &raquo;<span class=\"screen-reader-text\">Kuoron 20-vuotisjuhlakonsertti Ritarihuoneella<\/span><\/a><\/p>\n","protected":false},"author":1,"featured_media":4457,"comment_status":"closed","ping_status":"open","sticky":false,"template":"","format":"standard","meta":{"neve_meta_sidebar":"","neve_meta_container":"","neve_meta_enable_content_width":"","neve_meta_content_width":0,"neve_meta_title_alignment":"","neve_meta_author_avatar":"","neve_post_elements_order":"","neve_meta_disable_header":"","neve_meta_disable_footer":"","neve_meta_disable_title":"","footnotes":""},"categories":[1],"tags":[],"class_list":["post-4106","post","type-post","status-publish","format-standard","has-post-thumbnail","hentry","category-uncategorized"],"_links":{"self":[{"href":"https:\/\/www.sonorensemble.fi\/index.php\/wp-json\/wp\/v2\/posts\/4106","targetHints":{"allow":["GET"]}}],"collection":[{"href":"https:\/\/www.sonorensemble.fi\/index.php\/wp-json\/wp\/v2\/posts"}],"about":[{"href":"https:\/\/www.sonorensemble.fi\/index.php\/wp-json\/wp\/v2\/types\/post"}],"author":[{"embeddable":true,"href":"https:\/\/www.sonorensemble.fi\/index.php\/wp-json\/wp\/v2\/users\/1"}],"replies":[{"embeddable":true,"href":"https:\/\/www.sonorensemble.fi\/index.php\/wp-json\/wp\/v2\/comments?post=4106"}],"version-history":[{"count":15,"href":"https:\/\/www.sonorensemble.fi\/index.php\/wp-json\/wp\/v2\/posts\/4106\/revisions"}],"predecessor-version":[{"id":4458,"href":"https:\/\/www.sonorensemble.fi\/index.php\/wp-json\/wp\/v2\/posts\/4106\/revisions\/4458"}],"wp:featuredmedia":[{"embeddable":true,"href":"https:\/\/www.sonorensemble.fi\/index.php\/wp-json\/wp\/v2\/media\/4457"}],"wp:attachment":[{"href":"https:\/\/www.sonorensemble.fi\/index.php\/wp-json\/wp\/v2\/media?parent=4106"}],"wp:term":[{"taxonomy":"category","embeddable":true,"href":"https:\/\/www.sonorensemble.fi\/index.php\/wp-json\/wp\/v2\/categories?post=4106"},{"taxonomy":"post_tag","embeddable":true,"href":"https:\/\/www.sonorensemble.fi\/index.php\/wp-json\/wp\/v2\/tags?post=4106"}],"curies":[{"name":"wp","href":"https:\/\/api.w.org\/{rel}","templated":true}]}}