{"id":4454,"date":"2023-03-26T17:16:08","date_gmt":"2023-03-26T17:16:08","guid":{"rendered":"https:\/\/www.sonorensemble.fi\/?p=4454"},"modified":"2025-06-02T16:23:33","modified_gmt":"2025-06-02T16:23:33","slug":"passiodraama-samaan-aikaan-toisaalla","status":"publish","type":"post","link":"https:\/\/www.sonorensemble.fi\/index.php\/2023\/03\/26\/passiodraama-samaan-aikaan-toisaalla\/","title":{"rendered":"Passiodraama &#8221;Samaan aikaan toisaalla&#8221;"},"content":{"rendered":"\n<p>Kamarikuoro SonorEnsemble, Kilven Kuoro ja Helsingin Laulu sek\u00e4 solistit Tuomas Lehtinen, Tommi Niskala, Tomas Takolander ja Hanna Remes esittiv\u00e4t S\u00e4de Bartlingin s\u00e4velt\u00e4m\u00e4n ja Veli-Pekka H\u00e4nnisen k\u00e4sikirjoittaman passiokertomuksen <a rel=\"noreferrer noopener\" href=\"https:\/\/kuoromusiikinkausikonsertit.fi\/konsertti\/samaan-aikaan-toisaalla\" target=\"_blank\">Samaan aikaan toisaalla<\/a> 23.3.2023 klo 19 Temppeliaukion kirkossa. Dramaturgina toimi Ville Saukkonen ja musiikinjohtajana Hanna Remes. Kirkossa oli paljon yleis\u00f6\u00e4 ja heid\u00e4n palautteensa oli sangen ilahduttavaa kuultavaa.<\/p>\n\n\n\n<p>Lue Kare Eskolan konserttiarvostelu \u201c<a rel=\"noreferrer noopener\" href=\"https:\/\/kuoromusiikinkausikonsertit.fi\/blogi\/kilven-kuoro-sonorensemble-ja-helsingin-laulu-inhimillinen-passiodraama-toimi-myos-harrastajatason-kuoroilla\/\" target=\"_blank\">Kilven Kuoro, SonorEnsemble ja Helsingin Laulu:<\/a><br><a href=\"https:\/\/www.sonorensemble.fi\/index.php\/esiintymiset\/_wp_link_placeholder\">Inhimillinen passiodraama toimi my\u00f6s harrastajatason kuoroilla<\/a>\u201c. Konsertin <a rel=\"noreferrer noopener\" href=\"https:\/\/youtu.be\/jZukte1qajI\" target=\"_blank\">tallenne<\/a> katsottavissa kuukauden ajan.<\/p>\n","protected":false},"excerpt":{"rendered":"<p>Kamarikuoro SonorEnsemble, Kilven Kuoro ja Helsingin Laulu sek\u00e4 solistit Tuomas Lehtinen, Tommi Niskala, Tomas Takolander ja Hanna Remes esittiv\u00e4t S\u00e4de Bartlingin s\u00e4velt\u00e4m\u00e4n ja Veli-Pekka H\u00e4nnisen k\u00e4sikirjoittaman passiokertomuksen Samaan aikaan toisaalla 23.3.2023 klo 19 Temppeliaukion kirkossa. Dramaturgina toimi Ville Saukkonen ja musiikinjohtajana Hanna Remes. Kirkossa oli paljon yleis\u00f6\u00e4 ja heid\u00e4n palautteensa oli sangen ilahduttavaa kuultavaa. Lue&hellip;&nbsp;<a href=\"https:\/\/www.sonorensemble.fi\/index.php\/2023\/03\/26\/passiodraama-samaan-aikaan-toisaalla\/\" rel=\"bookmark\">Lue lis\u00e4\u00e4 &raquo;<span class=\"screen-reader-text\">Passiodraama &#8221;Samaan aikaan toisaalla&#8221;<\/span><\/a><\/p>\n","protected":false},"author":1,"featured_media":4294,"comment_status":"closed","ping_status":"open","sticky":false,"template":"","format":"standard","meta":{"neve_meta_sidebar":"","neve_meta_container":"","neve_meta_enable_content_width":"","neve_meta_content_width":0,"neve_meta_title_alignment":"","neve_meta_author_avatar":"","neve_post_elements_order":"","neve_meta_disable_header":"","neve_meta_disable_footer":"","neve_meta_disable_title":"","footnotes":""},"categories":[1],"tags":[],"class_list":["post-4454","post","type-post","status-publish","format-standard","has-post-thumbnail","hentry","category-uncategorized"],"_links":{"self":[{"href":"https:\/\/www.sonorensemble.fi\/index.php\/wp-json\/wp\/v2\/posts\/4454","targetHints":{"allow":["GET"]}}],"collection":[{"href":"https:\/\/www.sonorensemble.fi\/index.php\/wp-json\/wp\/v2\/posts"}],"about":[{"href":"https:\/\/www.sonorensemble.fi\/index.php\/wp-json\/wp\/v2\/types\/post"}],"author":[{"embeddable":true,"href":"https:\/\/www.sonorensemble.fi\/index.php\/wp-json\/wp\/v2\/users\/1"}],"replies":[{"embeddable":true,"href":"https:\/\/www.sonorensemble.fi\/index.php\/wp-json\/wp\/v2\/comments?post=4454"}],"version-history":[{"count":1,"href":"https:\/\/www.sonorensemble.fi\/index.php\/wp-json\/wp\/v2\/posts\/4454\/revisions"}],"predecessor-version":[{"id":4455,"href":"https:\/\/www.sonorensemble.fi\/index.php\/wp-json\/wp\/v2\/posts\/4454\/revisions\/4455"}],"wp:featuredmedia":[{"embeddable":true,"href":"https:\/\/www.sonorensemble.fi\/index.php\/wp-json\/wp\/v2\/media\/4294"}],"wp:attachment":[{"href":"https:\/\/www.sonorensemble.fi\/index.php\/wp-json\/wp\/v2\/media?parent=4454"}],"wp:term":[{"taxonomy":"category","embeddable":true,"href":"https:\/\/www.sonorensemble.fi\/index.php\/wp-json\/wp\/v2\/categories?post=4454"},{"taxonomy":"post_tag","embeddable":true,"href":"https:\/\/www.sonorensemble.fi\/index.php\/wp-json\/wp\/v2\/tags?post=4454"}],"curies":[{"name":"wp","href":"https:\/\/api.w.org\/{rel}","templated":true}]}}